{"id":630,"date":"2017-06-29T08:01:34","date_gmt":"2017-06-29T08:01:34","guid":{"rendered":"https:\/\/www.descansor.com\/noticias\/?p=630"},"modified":"2017-06-29T08:01:34","modified_gmt":"2017-06-29T08:01:34","slug":"comienzan-las-rebajas-de-verano-2017-estais-preparados","status":"publish","type":"post","link":"https:\/\/www.descansor.com\/noticias\/comienzan-las-rebajas-de-verano-2017-estais-preparados\/","title":{"rendered":"Comienzan las Rebajas de Verano 2017 \u00bfEst\u00e1is preparados?"},"content":{"rendered":"<p style=\"text-align: justify;\">Ya ha llegado el verano y con \u00e9l llegan las ansiadas Rebajas. Es momento de <strong>aprovechar los descuentos<\/strong> para comprar aquello que necesitamos a un precio m\u00e1s barato. Tambi\u00e9n puedes darte alg\u00fan capricho sin sentirte culpable por haber gastado m\u00e1s de lo debido.<\/p>\n<p style=\"text-align: justify;\">Esta <strong>campa\u00f1a de Rebajas de Verano 2017<\/strong> se ha anticipado en algunos comercios. Son muchas las tiendas y cadenas comerciales que desde este viernes 30 de junio colgar\u00e1n el cartel de rebajas. La raz\u00f3n est\u00e1 en aprovechar eses d\u00eda para no perder los clientes que el s\u00e1bado estar\u00e1n desplaz\u00e1ndose en la primera operaci\u00f3n salida del verano.<\/p>\n<p style=\"text-align: justify;\"><img loading=\"lazy\" decoding=\"async\" class=\"aligncenter wp-image-207 size-full\" title=\"rebajas de verano 2017\" src=\"https:\/\/www.descansor.com\/noticias\/wp-content\/uploads\/2016\/01\/rebajas.jpg\" alt=\"rebajas de verano 2017\" width=\"584\" height=\"102\" srcset=\"https:\/\/www.descansor.com\/noticias\/wp-content\/uploads\/2016\/01\/rebajas.jpg 584w, https:\/\/www.descansor.com\/noticias\/wp-content\/uploads\/2016\/01\/rebajas-300x52.jpg 300w\" sizes=\"auto, (max-width: 584px) 100vw, 584px\" \/><!--more--><\/p>\n<p style=\"text-align: justify;\">Los comerciantes son optimistas y esperan que la recuperaci\u00f3n econ\u00f3mica se note en los resultados de las rebajas. Ya hay algunas previsiones que se han dado a conocer. Entre ellas, se espera que la campa\u00f1a de rebajas de verano 2017 <strong>genere cerca de 156.000 empleos<\/strong>, un 7% m\u00e1s que en la campa\u00f1a del a\u00f1o anterior. Los sectores donde m\u00e1s se espera que crezca el empleo, seg\u00fan Adecco, son la distribuci\u00f3n, retail, log\u00edstica y transporte.<\/p>\n<p style=\"text-align: justify;\">A las tradicionales rebajas se unen tambi\u00e9n las <strong>tiendas y comercios online<\/strong> que apuestan por realizar grandes descuentos para atraer nuevos clientes y fidelizar a los antiguos. Es hora de visitar sus webs y buscar lo que necesitas y quieras en sus p\u00e1ginas.<\/p>\n<p style=\"text-align: justify;\">Pero recuerda, en rebajas <strong>no es cuesti\u00f3n de volverse loco<\/strong> y comprar de forma indiscriminada. Hacer una lista de aquello que necesitas y te gustar\u00eda comprar, es una forma muy \u00fatil de controlar tu gasto, con el fin de que no se dispare tu cesta de la compra.<\/p>\n<p style=\"text-align: justify;\"><strong>Comparar entre distintos comercios<\/strong> y tiendas tambi\u00e9n puede ayudarte a comprar m\u00e1s barato. Analiza los descuentos y servicios de cada uno y elige la opci\u00f3n que m\u00e1s te convenga. Como se suele decir, \u201ca veces lo barato sale caro\u201d.<\/p>\n<p style=\"text-align: justify;\">Desde la Organizaci\u00f3n de Consumidores y Usuarios nos recuerdan que los comercios deben cumplir unas <strong>normas en \u00e9poca de rebajas<\/strong>. Entre ellas est\u00e1 un correcto etiquetado, donde se muestre el precio antes de rebajas y el precio despu\u00e9s, o el descuento que se aplica a ese art\u00edculo. Adem\u00e1s deben informar claramente de las pol\u00edticas de devoluciones en periodo de rebajas y poner a disposici\u00f3n del cliente las hojas de reclamaciones pertinentes.<\/p>\n<p style=\"text-align: justify;\">Aunque en rebajas, los reyes suelen ser los textiles (ropa, s\u00e1banas, toallas\u2026), no es el \u00fanico sector que ofrece descuentos. Puedes aprovechar esta campa\u00f1a de rebajas de verano 2017 para <strong>renovar los muebles de tu hogar<\/strong>. Igual es momento de cambiar los sof\u00e1s, sillones, cama, colchones, somier, electrodom\u00e9sticos. Te ahorrar\u00e1s dinero sin perder calidad, ya que los comercios est\u00e1n obligados a ofrecer los productos sin mermas ni defectos, independientemente de que est\u00e9n rebajados. Las rebajas no se tratan de liquidaciones ni descuentos por taras.<\/p>\n<p style=\"text-align: justify;\">Como en cualquier compra que realices es muy necesario que <strong>guardes tu ticket<\/strong> de compra con \u00e9l podr\u00e1s hacer efectivas las garant\u00edas y reclamar cualquier problema que encuentres. Adem\u00e1s es indispensable para poder devolver el producto.<\/p>\n<p style=\"text-align: justify;\">En Invierte en Tu Descanso nos encantar\u00eda conocer <strong>qu\u00e9 opinas de las campa\u00f1as<\/strong> de Rebajas, si las aprovechas para comprar muchas cosas o prefieres comprar solo lo necesario. \u00bfQu\u00e9 te parecen los descuentos? Nos lo puedes contar a trav\u00e9s del campo de comentarios. Gracias por tu colaboraci\u00f3n.<\/p>\n<div style=\"margin-top: 0px; margin-bottom: 0px;\" class=\"sharethis-inline-share-buttons\" ><\/div>","protected":false},"excerpt":{"rendered":"<p>Ya ha llegado el verano y con \u00e9l llegan las ansiadas Rebajas. Es momento de aprovechar los descuentos para comprar aquello que necesitamos a un precio m\u00e1s barato. Tambi\u00e9n puedes darte alg\u00fan capricho sin sentirte culpable por haber gastado m\u00e1s de lo debido. Esta campa\u00f1a de Rebajas de Verano 2017 se ha anticipado en algunos &hellip; <a href=\"https:\/\/www.descansor.com\/noticias\/comienzan-las-rebajas-de-verano-2017-estais-preparados\/\" class=\"more-link\">Sigue leyendo <span class=\"screen-reader-text\">Comienzan las Rebajas de Verano 2017 \u00bfEst\u00e1is preparados?<\/span><\/a><\/p>\n","protected":false},"author":2,"featured_media":0,"comment_status":"open","ping_status":"open","sticky":false,"template":"","format":"standard","meta":{"footnotes":""},"categories":[30],"tags":[539,538,375,541,540,537],"class_list":["post-630","post","type-post","status-publish","format-standard","hentry","category-rebajas","tag-ahorro","tag-camapana-rebajas","tag-descuentos","tag-normativa-rebajas","tag-precios-bajos","tag-rebajas-de-verano-2017"],"yoast_head":"<!-- This site is optimized with the Yoast SEO plugin v24.5 - https:\/\/yoast.com\/wordpress\/plugins\/seo\/ -->\n<title>Comienzan las Rebajas de Verano 2017 \u00bfEst\u00e1is preparados?<\/title>\n<meta name=\"description\" content=\"Ya est\u00e1n aqu\u00ed las Rebajas de Verano 2017. \u00bfYa sabes lo qu\u00e9 quieres comprar? Haz una lista para que no se dispare tu gasto.\" \/>\n<meta name=\"robots\" content=\"index, follow, max-snippet:-1, max-image-preview:large, max-video-preview:-1\" \/>\n<link rel=\"canonical\" href=\"https:\/\/www.descansor.com\/noticias\/comienzan-las-rebajas-de-verano-2017-estais-preparados\/\" \/>\n<meta name=\"twitter:card\" content=\"summary_large_image\" \/>\n<meta name=\"twitter:title\" content=\"Comienzan las Rebajas de Verano 2017 \u00bfEst\u00e1is preparados?\" \/>\n<meta name=\"twitter:description\" content=\"Ya est\u00e1n aqu\u00ed las Rebajas de Verano 2017. \u00bfYa sabes lo qu\u00e9 quieres comprar? Haz una lista para que no se dispare tu gasto.\" \/>\n<meta name=\"twitter:image\" content=\"https:\/\/www.descansor.com\/noticias\/wp-content\/uploads\/2016\/01\/rebajas.jpg\" \/>\n<meta name=\"twitter:creator\" content=\"@inmolber\" \/>\n<meta name=\"twitter:label1\" content=\"Escrito por\" \/>\n\t<meta name=\"twitter:data1\" content=\"Inma Molt\u00f3\" \/>\n\t<meta name=\"twitter:label2\" content=\"Tiempo de lectura\" \/>\n\t<meta name=\"twitter:data2\" content=\"3 minutos\" \/>\n<script type=\"application\/ld+json\" class=\"yoast-schema-graph\">{\"@context\":\"https:\/\/schema.org\",\"@graph\":[{\"@type\":\"WebPage\",\"@id\":\"https:\/\/www.descansor.com\/noticias\/comienzan-las-rebajas-de-verano-2017-estais-preparados\/\",\"url\":\"https:\/\/www.descansor.com\/noticias\/comienzan-las-rebajas-de-verano-2017-estais-preparados\/\",\"name\":\"Comienzan las Rebajas de Verano 2017 \u00bfEst\u00e1is preparados?\",\"isPartOf\":{\"@id\":\"https:\/\/www.descansor.com\/noticias\/#website\"},\"primaryImageOfPage\":{\"@id\":\"https:\/\/www.descansor.com\/noticias\/comienzan-las-rebajas-de-verano-2017-estais-preparados\/#primaryimage\"},\"image\":{\"@id\":\"https:\/\/www.descansor.com\/noticias\/comienzan-las-rebajas-de-verano-2017-estais-preparados\/#primaryimage\"},\"thumbnailUrl\":\"https:\/\/www.descansor.com\/noticias\/wp-content\/uploads\/2016\/01\/rebajas.jpg\",\"datePublished\":\"2017-06-29T08:01:34+00:00\",\"author\":{\"@id\":\"https:\/\/www.descansor.com\/noticias\/#\/schema\/person\/4098d764648dd80b5086ebae36eb436d\"},\"description\":\"Ya est\u00e1n aqu\u00ed las Rebajas de Verano 2017. \u00bfYa sabes lo qu\u00e9 quieres comprar? Haz una lista para que no se dispare tu gasto.\",\"breadcrumb\":{\"@id\":\"https:\/\/www.descansor.com\/noticias\/comienzan-las-rebajas-de-verano-2017-estais-preparados\/#breadcrumb\"},\"inLanguage\":\"es\",\"potentialAction\":[{\"@type\":\"ReadAction\",\"target\":[\"https:\/\/www.descansor.com\/noticias\/comienzan-las-rebajas-de-verano-2017-estais-preparados\/\"]}]},{\"@type\":\"ImageObject\",\"inLanguage\":\"es\",\"@id\":\"https:\/\/www.descansor.com\/noticias\/comienzan-las-rebajas-de-verano-2017-estais-preparados\/#primaryimage\",\"url\":\"https:\/\/www.descansor.com\/noticias\/wp-content\/uploads\/2016\/01\/rebajas.jpg\",\"contentUrl\":\"https:\/\/www.descansor.com\/noticias\/wp-content\/uploads\/2016\/01\/rebajas.jpg\",\"width\":584,\"height\":102,\"caption\":\"rebajas de enero 2018\"},{\"@type\":\"BreadcrumbList\",\"@id\":\"https:\/\/www.descansor.com\/noticias\/comienzan-las-rebajas-de-verano-2017-estais-preparados\/#breadcrumb\",\"itemListElement\":[{\"@type\":\"ListItem\",\"position\":1,\"name\":\"Portada\",\"item\":\"https:\/\/www.descansor.com\/noticias\/\"},{\"@type\":\"ListItem\",\"position\":2,\"name\":\"Rebajas\",\"item\":\"https:\/\/www.descansor.com\/noticias\/rebajas\/\"},{\"@type\":\"ListItem\",\"position\":3,\"name\":\"Comienzan las Rebajas de Verano 2017 \u00bfEst\u00e1is preparados?\"}]},{\"@type\":\"WebSite\",\"@id\":\"https:\/\/www.descansor.com\/noticias\/#website\",\"url\":\"https:\/\/www.descansor.com\/noticias\/\",\"name\":\"Blog sobre el descanso y c\u00f3mo ahorrar comprando colchones.\",\"description\":\"\",\"potentialAction\":[{\"@type\":\"SearchAction\",\"target\":{\"@type\":\"EntryPoint\",\"urlTemplate\":\"https:\/\/www.descansor.com\/noticias\/?s={search_term_string}\"},\"query-input\":{\"@type\":\"PropertyValueSpecification\",\"valueRequired\":true,\"valueName\":\"search_term_string\"}}],\"inLanguage\":\"es\"},{\"@type\":\"Person\",\"@id\":\"https:\/\/www.descansor.com\/noticias\/#\/schema\/person\/4098d764648dd80b5086ebae36eb436d\",\"name\":\"Inma Molt\u00f3\",\"image\":{\"@type\":\"ImageObject\",\"inLanguage\":\"es\",\"@id\":\"https:\/\/www.descansor.com\/noticias\/#\/schema\/person\/image\/\",\"url\":\"https:\/\/secure.gravatar.com\/avatar\/6411caf208a31a6dd0c4c353341facb7?s=96&d=mm&r=g\",\"contentUrl\":\"https:\/\/secure.gravatar.com\/avatar\/6411caf208a31a6dd0c4c353341facb7?s=96&d=mm&r=g\",\"caption\":\"Inma Molt\u00f3\"},\"sameAs\":[\"http:\/\/www.periodistasocialmedia.com\",\"https:\/\/x.com\/inmolber\"]}]}<\/script>\n<!-- \/ Yoast SEO plugin. -->","yoast_head_json":{"title":"Comienzan las Rebajas de Verano 2017 \u00bfEst\u00e1is preparados?","description":"Ya est\u00e1n aqu\u00ed las Rebajas de Verano 2017. \u00bfYa sabes lo qu\u00e9 quieres comprar? Haz una lista para que no se dispare tu gasto.","robots":{"index":"index","follow":"follow","max-snippet":"max-snippet:-1","max-image-preview":"max-image-preview:large","max-video-preview":"max-video-preview:-1"},"canonical":"https:\/\/www.descansor.com\/noticias\/comienzan-las-rebajas-de-verano-2017-estais-preparados\/","twitter_card":"summary_large_image","twitter_title":"Comienzan las Rebajas de Verano 2017 \u00bfEst\u00e1is preparados?","twitter_description":"Ya est\u00e1n aqu\u00ed las Rebajas de Verano 2017. \u00bfYa sabes lo qu\u00e9 quieres comprar? Haz una lista para que no se dispare tu gasto.","twitter_image":"https:\/\/www.descansor.com\/noticias\/wp-content\/uploads\/2016\/01\/rebajas.jpg","twitter_creator":"@inmolber","twitter_misc":{"Escrito por":"Inma Molt\u00f3","Tiempo de lectura":"3 minutos"},"schema":{"@context":"https:\/\/schema.org","@graph":[{"@type":"WebPage","@id":"https:\/\/www.descansor.com\/noticias\/comienzan-las-rebajas-de-verano-2017-estais-preparados\/","url":"https:\/\/www.descansor.com\/noticias\/comienzan-las-rebajas-de-verano-2017-estais-preparados\/","name":"Comienzan las Rebajas de Verano 2017 \u00bfEst\u00e1is preparados?","isPartOf":{"@id":"https:\/\/www.descansor.com\/noticias\/#website"},"primaryImageOfPage":{"@id":"https:\/\/www.descansor.com\/noticias\/comienzan-las-rebajas-de-verano-2017-estais-preparados\/#primaryimage"},"image":{"@id":"https:\/\/www.descansor.com\/noticias\/comienzan-las-rebajas-de-verano-2017-estais-preparados\/#primaryimage"},"thumbnailUrl":"https:\/\/www.descansor.com\/noticias\/wp-content\/uploads\/2016\/01\/rebajas.jpg","datePublished":"2017-06-29T08:01:34+00:00","author":{"@id":"https:\/\/www.descansor.com\/noticias\/#\/schema\/person\/4098d764648dd80b5086ebae36eb436d"},"description":"Ya est\u00e1n aqu\u00ed las Rebajas de Verano 2017. \u00bfYa sabes lo qu\u00e9 quieres comprar? Haz una lista para que no se dispare tu gasto.","breadcrumb":{"@id":"https:\/\/www.descansor.com\/noticias\/comienzan-las-rebajas-de-verano-2017-estais-preparados\/#breadcrumb"},"inLanguage":"es","potentialAction":[{"@type":"ReadAction","target":["https:\/\/www.descansor.com\/noticias\/comienzan-las-rebajas-de-verano-2017-estais-preparados\/"]}]},{"@type":"ImageObject","inLanguage":"es","@id":"https:\/\/www.descansor.com\/noticias\/comienzan-las-rebajas-de-verano-2017-estais-preparados\/#primaryimage","url":"https:\/\/www.descansor.com\/noticias\/wp-content\/uploads\/2016\/01\/rebajas.jpg","contentUrl":"https:\/\/www.descansor.com\/noticias\/wp-content\/uploads\/2016\/01\/rebajas.jpg","width":584,"height":102,"caption":"rebajas de enero 2018"},{"@type":"BreadcrumbList","@id":"https:\/\/www.descansor.com\/noticias\/comienzan-las-rebajas-de-verano-2017-estais-preparados\/#breadcrumb","itemListElement":[{"@type":"ListItem","position":1,"name":"Portada","item":"https:\/\/www.descansor.com\/noticias\/"},{"@type":"ListItem","position":2,"name":"Rebajas","item":"https:\/\/www.descansor.com\/noticias\/rebajas\/"},{"@type":"ListItem","position":3,"name":"Comienzan las Rebajas de Verano 2017 \u00bfEst\u00e1is preparados?"}]},{"@type":"WebSite","@id":"https:\/\/www.descansor.com\/noticias\/#website","url":"https:\/\/www.descansor.com\/noticias\/","name":"Blog sobre el descanso y c\u00f3mo ahorrar comprando colchones.","description":"","potentialAction":[{"@type":"SearchAction","target":{"@type":"EntryPoint","urlTemplate":"https:\/\/www.descansor.com\/noticias\/?s={search_term_string}"},"query-input":{"@type":"PropertyValueSpecification","valueRequired":true,"valueName":"search_term_string"}}],"inLanguage":"es"},{"@type":"Person","@id":"https:\/\/www.descansor.com\/noticias\/#\/schema\/person\/4098d764648dd80b5086ebae36eb436d","name":"Inma Molt\u00f3","image":{"@type":"ImageObject","inLanguage":"es","@id":"https:\/\/www.descansor.com\/noticias\/#\/schema\/person\/image\/","url":"https:\/\/secure.gravatar.com\/avatar\/6411caf208a31a6dd0c4c353341facb7?s=96&d=mm&r=g","contentUrl":"https:\/\/secure.gravatar.com\/avatar\/6411caf208a31a6dd0c4c353341facb7?s=96&d=mm&r=g","caption":"Inma Molt\u00f3"},"sameAs":["http:\/\/www.periodistasocialmedia.com","https:\/\/x.com\/inmolber"]}]}},"amp_enabled":true,"_links":{"self":[{"href":"https:\/\/www.descansor.com\/noticias\/wp-json\/wp\/v2\/posts\/630","targetHints":{"allow":["GET"]}}],"collection":[{"href":"https:\/\/www.descansor.com\/noticias\/wp-json\/wp\/v2\/posts"}],"about":[{"href":"https:\/\/www.descansor.com\/noticias\/wp-json\/wp\/v2\/types\/post"}],"author":[{"embeddable":true,"href":"https:\/\/www.descansor.com\/noticias\/wp-json\/wp\/v2\/users\/2"}],"replies":[{"embeddable":true,"href":"https:\/\/www.descansor.com\/noticias\/wp-json\/wp\/v2\/comments?post=630"}],"version-history":[{"count":2,"href":"https:\/\/www.descansor.com\/noticias\/wp-json\/wp\/v2\/posts\/630\/revisions"}],"predecessor-version":[{"id":632,"href":"https:\/\/www.descansor.com\/noticias\/wp-json\/wp\/v2\/posts\/630\/revisions\/632"}],"wp:attachment":[{"href":"https:\/\/www.descansor.com\/noticias\/wp-json\/wp\/v2\/media?parent=630"}],"wp:term":[{"taxonomy":"category","embeddable":true,"href":"https:\/\/www.descansor.com\/noticias\/wp-json\/wp\/v2\/categories?post=630"},{"taxonomy":"post_tag","embeddable":true,"href":"https:\/\/www.descansor.com\/noticias\/wp-json\/wp\/v2\/tags?post=630"}],"curies":[{"name":"wp","href":"https:\/\/api.w.org\/{rel}","templated":true}]}}