{"id":680,"date":"2017-10-15T12:32:21","date_gmt":"2017-10-15T12:32:21","guid":{"rendered":"https:\/\/www.descansor.com\/noticias\/?p=680"},"modified":"2017-11-14T09:29:55","modified_gmt":"2017-11-14T09:29:55","slug":"accionistas-del-popular-tras-la-compra-banco-santander-sucede","status":"publish","type":"post","link":"https:\/\/www.descansor.com\/noticias\/accionistas-del-popular-tras-la-compra-banco-santander-sucede\/","title":{"rendered":"Accionistas del Popular tras la compra por Banco Santander \u00bfqu\u00e9 sucede?"},"content":{"rendered":"<p style=\"text-align: justify;\">En Invierte en Tu Descanso analizamos la noticia bancaria m\u00e1s relevante de los \u00faltimos meses. <strong>La compra del Banco Popular por el Banco Santander<\/strong>. Queremos saber qu\u00e9 suceder\u00e1 con el dinero invertido por los accionistas del Popular.<\/p>\n<p style=\"text-align: justify;\">Comencemos por el principio. El pasado 6 de junio de 2017 el Banco Central Europeo consider\u00f3 que el <strong>Banco Popular era \u201cuna entidad inviable<\/strong> o con probabilidad de serlo\u201d, lo que supon\u00eda la \u201cquiebra\u201d de la entidad. Al d\u00eda siguiente el Banco Santander acud\u00eda a su \u201crescate\u201d con la compra del Banco Popular por la simb\u00f3lica cantidad de un euro. El 8 de agosto se dio el visto bueno a la adquisici\u00f3n. \u00bfQu\u00e9 supon\u00eda esta compra?<!--more--><\/p>\n<h2 style=\"text-align: justify;\"><span style=\"color: #993366; font-size: 120%; font-weight: bold;\">Banco Santander<\/span><\/h2>\n<p style=\"text-align: justify;\">La compra del Banco Popular por el Banco Santander daba en cierta forma <strong>tranquilidad a los clientes<\/strong> de la entidad absorbida. Sus dep\u00f3sitos estaban a salvo, pero \u00bfqu\u00e9 ocurrir\u00eda con el dinero invertido en las acciones?<\/p>\n<p style=\"text-align: justify;\">Los accionistas del Popular ve\u00edan como <strong>el valor de las acciones se desplomaba<\/strong>. Una acci\u00f3n del Popular ya no ten\u00eda valor. \u00bfHab\u00edan perdido su dinero? Todos reclamaban sus inversiones.<\/p>\n<p style=\"text-align: justify;\">Ante la avalancha de reclamaciones, el Banco Santander actu\u00f3 en consecuencia y decidi\u00f3 <strong>lanzar un Bono de Fidelizaci\u00f3n<\/strong> enfocado para los accionistas minoritarios. En \u00e9l no se incluyen a inversores institucionales.<\/p>\n<p><img loading=\"lazy\" decoding=\"async\" class=\"aligncenter wp-image-681 size-full\" title=\"Popular tras la compra por Banco Santander\" src=\"https:\/\/www.descansor.com\/noticias\/wp-content\/uploads\/2017\/11\/481-102-PopularSantander2_690.jpg\" alt=\"Accionistas del Popular tras la compra por Banco Santander\" width=\"584\" height=\"341\" srcset=\"https:\/\/www.descansor.com\/noticias\/wp-content\/uploads\/2017\/11\/481-102-PopularSantander2_690.jpg 584w, https:\/\/www.descansor.com\/noticias\/wp-content\/uploads\/2017\/11\/481-102-PopularSantander2_690-300x175.jpg 300w\" sizes=\"auto, (max-width: 584px) 100vw, 584px\" \/><\/p>\n<h2><span style=\"font-size: 120%; color: #993366;\">Recuperar tu inversi\u00f3n<\/span><\/h2>\n<p style=\"text-align: justify;\">Como se\u00f1ala el Banco Santander estos bonos de fidelizaci\u00f3n solo <strong>van dirigidos a los accionistas minoritarios del Popular<\/strong> que adquirieron sus t\u00edtulos entre el 26 de mayo y el 21 de junio de 2016 y\/o obligaciones subordinadas computables como tier 2 de las emisiones de 29 de julio de 2011 y 14 de octubre de 2011 (c\u00f3digos ISIN ES0213790019 o ES0213790027) de Banco Popular y, en ambos casos, las mantuvieran depositadas en alguna de las redes del Grupo Popular en Espa\u00f1a o de Banco Santander en el momento de la resoluci\u00f3n. Tienes hasta el 7 de diciembre para adherirte a esta soluci\u00f3n.<\/p>\n<p style=\"text-align: justify;\">Eso s\u00ed, para poder acceder a los beneficios de estos bonos de fidelizaci\u00f3n, <strong>los clientes deben renunciar a la v\u00eda legal<\/strong> contra el Grupo Santander, sus administradores, directivos y empleados. Am\u00e9n de mantener una relaci\u00f3n comercial con el banco igual a la que ten\u00edan en el momento que adquirieron las acciones y\/o obligaciones subordinadas.<\/p>\n<p style=\"text-align: justify;\"><strong>\u00bfEn qu\u00e9 consiste este bono de fidelizaci\u00f3n?<\/strong> Tal y como explica el Banco Santander, \u201cla oferta consiste en la entrega al cliente, sin desembolso alguno por su parte, de bonos (\u201cbonos de fidelizaci\u00f3n\u201d) que dar\u00e1n derecho a un cup\u00f3n efectivo discrecional y no acumulativo a un tipo inter\u00e9s nominal anual del 1% pagadero trimestralmente. Ser\u00e1n obligaciones perpetuas emitidas por Banco Santander, con 100 euros de valor nominal, y que se podr\u00e1n amortizar a partir de los siete a\u00f1os a voluntad de Banco Santander, previa autorizaci\u00f3n del Banco Central Europeo. Cuando se produzca su amortizaci\u00f3n, el titular recibir\u00e1 el 100% del valor nominal del bono de fidelizaci\u00f3n\u201d. <strong>Cuyo l\u00edmite ser\u00e1 el equivalente a la inversi\u00f3n realizada<\/strong> por cada cliente en el per\u00edodo expuesto anteriormente. En el caso de las obligaciones subordinadas, el cliente obtendr\u00e1 la diferencia entre el importe invertido en estos t\u00edtulos menos los intereses percibidos.<\/p>\n<p style=\"text-align: justify;\">Eso s\u00ed, <strong>habr\u00e1 l\u00edmites<\/strong>: \u201clos que invirtieron hasta 100.000 euros recibir\u00e1n la totalidad; para el tramo entre 100.000 y 500.000, el 75%; y para el tramo entre 500.000 y un mill\u00f3n, el 50%. Todas estas cantidades son acumulativas\u201d.<\/p>\n<p style=\"text-align: justify;\">Para todos aquellos <strong>interesados en recuperar su inversi\u00f3n<\/strong>, est\u00e9n o no dentro del per\u00edodo establecido por el Banco Santander, la Organizaci\u00f3n de Consumidores y Usuarios (OCU) ha puesto a su disposici\u00f3n sus servicios de asesoramiento. Puedes llamar gratis al 900.907.406.<\/p>\n<div style=\"margin-top: 0px; margin-bottom: 0px;\" class=\"sharethis-inline-share-buttons\" ><\/div>","protected":false},"excerpt":{"rendered":"<p>En Invierte en Tu Descanso analizamos la noticia bancaria m\u00e1s relevante de los \u00faltimos meses. La compra del Banco Popular por el Banco Santander. Queremos saber qu\u00e9 suceder\u00e1 con el dinero invertido por los accionistas del Popular. Comencemos por el principio. El pasado 6 de junio de 2017 el Banco Central Europeo consider\u00f3 que el &hellip; <a href=\"https:\/\/www.descansor.com\/noticias\/accionistas-del-popular-tras-la-compra-banco-santander-sucede\/\" class=\"more-link\">Sigue leyendo <span class=\"screen-reader-text\">Accionistas del Popular tras la compra por Banco Santander \u00bfqu\u00e9 sucede?<\/span><\/a><\/p>\n","protected":false},"author":2,"featured_media":0,"comment_status":"open","ping_status":"open","sticky":false,"template":"","format":"standard","meta":{"footnotes":""},"categories":[21],"tags":[583,584,587,581,590,591,582,589,585,586,588],"class_list":["post-680","post","type-post","status-publish","format-standard","hentry","category-financiacion","tag-abogados","tag-acciones-legales","tag-accionistas","tag-afectados-por-acciones-popular","tag-banco-santander","tag-bono-de-fidelizacion","tag-bufetes","tag-clientes-minoristas","tag-recuperar-dinero","tag-recuperar-inversion","tag-sin-costes"],"yoast_head":"<!-- This site is optimized with the Yoast SEO plugin v24.5 - https:\/\/yoast.com\/wordpress\/plugins\/seo\/ -->\n<title>Accionistas del Popular tras la compra por Banco Santander<\/title>\n<meta name=\"description\" content=\"En Invierte en Tu Descanso analizamos la compra del Banco Popular por el Banco Santander. Queremos saber qu\u00e9 suceder\u00e1 con los accionistas del Popular.\" \/>\n<meta name=\"robots\" content=\"index, follow, max-snippet:-1, max-image-preview:large, max-video-preview:-1\" \/>\n<link rel=\"canonical\" href=\"https:\/\/www.descansor.com\/noticias\/accionistas-del-popular-tras-la-compra-banco-santander-sucede\/\" \/>\n<meta name=\"twitter:card\" content=\"summary_large_image\" \/>\n<meta name=\"twitter:title\" content=\"Accionistas del Popular tras la compra por Banco Santander\" \/>\n<meta name=\"twitter:description\" content=\"En Invierte en Tu Descanso analizamos la compra del Banco Popular por el Banco Santander. Queremos saber qu\u00e9 suceder\u00e1 con los accionistas del Popular.\" \/>\n<meta name=\"twitter:image\" content=\"https:\/\/www.descansor.com\/noticias\/wp-content\/uploads\/2017\/11\/481-102-PopularSantander2_690.jpg\" \/>\n<meta name=\"twitter:creator\" content=\"@inmolber\" \/>\n<meta name=\"twitter:label1\" content=\"Escrito por\" \/>\n\t<meta name=\"twitter:data1\" content=\"Inma Molt\u00f3\" \/>\n\t<meta name=\"twitter:label2\" content=\"Tiempo de lectura\" \/>\n\t<meta name=\"twitter:data2\" content=\"3 minutos\" \/>\n<script type=\"application\/ld+json\" class=\"yoast-schema-graph\">{\"@context\":\"https:\/\/schema.org\",\"@graph\":[{\"@type\":\"WebPage\",\"@id\":\"https:\/\/www.descansor.com\/noticias\/accionistas-del-popular-tras-la-compra-banco-santander-sucede\/\",\"url\":\"https:\/\/www.descansor.com\/noticias\/accionistas-del-popular-tras-la-compra-banco-santander-sucede\/\",\"name\":\"Accionistas del Popular tras la compra por Banco Santander\",\"isPartOf\":{\"@id\":\"https:\/\/www.descansor.com\/noticias\/#website\"},\"primaryImageOfPage\":{\"@id\":\"https:\/\/www.descansor.com\/noticias\/accionistas-del-popular-tras-la-compra-banco-santander-sucede\/#primaryimage\"},\"image\":{\"@id\":\"https:\/\/www.descansor.com\/noticias\/accionistas-del-popular-tras-la-compra-banco-santander-sucede\/#primaryimage\"},\"thumbnailUrl\":\"https:\/\/www.descansor.com\/noticias\/wp-content\/uploads\/2017\/11\/481-102-PopularSantander2_690.jpg\",\"datePublished\":\"2017-10-15T12:32:21+00:00\",\"dateModified\":\"2017-11-14T09:29:55+00:00\",\"author\":{\"@id\":\"https:\/\/www.descansor.com\/noticias\/#\/schema\/person\/4098d764648dd80b5086ebae36eb436d\"},\"description\":\"En Invierte en Tu Descanso analizamos la compra del Banco Popular por el Banco Santander. Queremos saber qu\u00e9 suceder\u00e1 con los accionistas del Popular.\",\"breadcrumb\":{\"@id\":\"https:\/\/www.descansor.com\/noticias\/accionistas-del-popular-tras-la-compra-banco-santander-sucede\/#breadcrumb\"},\"inLanguage\":\"es\",\"potentialAction\":[{\"@type\":\"ReadAction\",\"target\":[\"https:\/\/www.descansor.com\/noticias\/accionistas-del-popular-tras-la-compra-banco-santander-sucede\/\"]}]},{\"@type\":\"ImageObject\",\"inLanguage\":\"es\",\"@id\":\"https:\/\/www.descansor.com\/noticias\/accionistas-del-popular-tras-la-compra-banco-santander-sucede\/#primaryimage\",\"url\":\"https:\/\/www.descansor.com\/noticias\/wp-content\/uploads\/2017\/11\/481-102-PopularSantander2_690.jpg\",\"contentUrl\":\"https:\/\/www.descansor.com\/noticias\/wp-content\/uploads\/2017\/11\/481-102-PopularSantander2_690.jpg\",\"width\":584,\"height\":341},{\"@type\":\"BreadcrumbList\",\"@id\":\"https:\/\/www.descansor.com\/noticias\/accionistas-del-popular-tras-la-compra-banco-santander-sucede\/#breadcrumb\",\"itemListElement\":[{\"@type\":\"ListItem\",\"position\":1,\"name\":\"Portada\",\"item\":\"https:\/\/www.descansor.com\/noticias\/\"},{\"@type\":\"ListItem\",\"position\":2,\"name\":\"Financiaci\u00f3n\",\"item\":\"https:\/\/www.descansor.com\/noticias\/financiacion\/\"},{\"@type\":\"ListItem\",\"position\":3,\"name\":\"Accionistas del Popular tras la compra por Banco Santander \u00bfqu\u00e9 sucede?\"}]},{\"@type\":\"WebSite\",\"@id\":\"https:\/\/www.descansor.com\/noticias\/#website\",\"url\":\"https:\/\/www.descansor.com\/noticias\/\",\"name\":\"Blog sobre el descanso y c\u00f3mo ahorrar comprando colchones.\",\"description\":\"\",\"potentialAction\":[{\"@type\":\"SearchAction\",\"target\":{\"@type\":\"EntryPoint\",\"urlTemplate\":\"https:\/\/www.descansor.com\/noticias\/?s={search_term_string}\"},\"query-input\":{\"@type\":\"PropertyValueSpecification\",\"valueRequired\":true,\"valueName\":\"search_term_string\"}}],\"inLanguage\":\"es\"},{\"@type\":\"Person\",\"@id\":\"https:\/\/www.descansor.com\/noticias\/#\/schema\/person\/4098d764648dd80b5086ebae36eb436d\",\"name\":\"Inma Molt\u00f3\",\"image\":{\"@type\":\"ImageObject\",\"inLanguage\":\"es\",\"@id\":\"https:\/\/www.descansor.com\/noticias\/#\/schema\/person\/image\/\",\"url\":\"https:\/\/secure.gravatar.com\/avatar\/6411caf208a31a6dd0c4c353341facb7?s=96&d=mm&r=g\",\"contentUrl\":\"https:\/\/secure.gravatar.com\/avatar\/6411caf208a31a6dd0c4c353341facb7?s=96&d=mm&r=g\",\"caption\":\"Inma Molt\u00f3\"},\"sameAs\":[\"http:\/\/www.periodistasocialmedia.com\",\"https:\/\/x.com\/inmolber\"]}]}<\/script>\n<!-- \/ Yoast SEO plugin. -->","yoast_head_json":{"title":"Accionistas del Popular tras la compra por Banco Santander","description":"En Invierte en Tu Descanso analizamos la compra del Banco Popular por el Banco Santander. Queremos saber qu\u00e9 suceder\u00e1 con los accionistas del Popular.","robots":{"index":"index","follow":"follow","max-snippet":"max-snippet:-1","max-image-preview":"max-image-preview:large","max-video-preview":"max-video-preview:-1"},"canonical":"https:\/\/www.descansor.com\/noticias\/accionistas-del-popular-tras-la-compra-banco-santander-sucede\/","twitter_card":"summary_large_image","twitter_title":"Accionistas del Popular tras la compra por Banco Santander","twitter_description":"En Invierte en Tu Descanso analizamos la compra del Banco Popular por el Banco Santander. Queremos saber qu\u00e9 suceder\u00e1 con los accionistas del Popular.","twitter_image":"https:\/\/www.descansor.com\/noticias\/wp-content\/uploads\/2017\/11\/481-102-PopularSantander2_690.jpg","twitter_creator":"@inmolber","twitter_misc":{"Escrito por":"Inma Molt\u00f3","Tiempo de lectura":"3 minutos"},"schema":{"@context":"https:\/\/schema.org","@graph":[{"@type":"WebPage","@id":"https:\/\/www.descansor.com\/noticias\/accionistas-del-popular-tras-la-compra-banco-santander-sucede\/","url":"https:\/\/www.descansor.com\/noticias\/accionistas-del-popular-tras-la-compra-banco-santander-sucede\/","name":"Accionistas del Popular tras la compra por Banco Santander","isPartOf":{"@id":"https:\/\/www.descansor.com\/noticias\/#website"},"primaryImageOfPage":{"@id":"https:\/\/www.descansor.com\/noticias\/accionistas-del-popular-tras-la-compra-banco-santander-sucede\/#primaryimage"},"image":{"@id":"https:\/\/www.descansor.com\/noticias\/accionistas-del-popular-tras-la-compra-banco-santander-sucede\/#primaryimage"},"thumbnailUrl":"https:\/\/www.descansor.com\/noticias\/wp-content\/uploads\/2017\/11\/481-102-PopularSantander2_690.jpg","datePublished":"2017-10-15T12:32:21+00:00","dateModified":"2017-11-14T09:29:55+00:00","author":{"@id":"https:\/\/www.descansor.com\/noticias\/#\/schema\/person\/4098d764648dd80b5086ebae36eb436d"},"description":"En Invierte en Tu Descanso analizamos la compra del Banco Popular por el Banco Santander. Queremos saber qu\u00e9 suceder\u00e1 con los accionistas del Popular.","breadcrumb":{"@id":"https:\/\/www.descansor.com\/noticias\/accionistas-del-popular-tras-la-compra-banco-santander-sucede\/#breadcrumb"},"inLanguage":"es","potentialAction":[{"@type":"ReadAction","target":["https:\/\/www.descansor.com\/noticias\/accionistas-del-popular-tras-la-compra-banco-santander-sucede\/"]}]},{"@type":"ImageObject","inLanguage":"es","@id":"https:\/\/www.descansor.com\/noticias\/accionistas-del-popular-tras-la-compra-banco-santander-sucede\/#primaryimage","url":"https:\/\/www.descansor.com\/noticias\/wp-content\/uploads\/2017\/11\/481-102-PopularSantander2_690.jpg","contentUrl":"https:\/\/www.descansor.com\/noticias\/wp-content\/uploads\/2017\/11\/481-102-PopularSantander2_690.jpg","width":584,"height":341},{"@type":"BreadcrumbList","@id":"https:\/\/www.descansor.com\/noticias\/accionistas-del-popular-tras-la-compra-banco-santander-sucede\/#breadcrumb","itemListElement":[{"@type":"ListItem","position":1,"name":"Portada","item":"https:\/\/www.descansor.com\/noticias\/"},{"@type":"ListItem","position":2,"name":"Financiaci\u00f3n","item":"https:\/\/www.descansor.com\/noticias\/financiacion\/"},{"@type":"ListItem","position":3,"name":"Accionistas del Popular tras la compra por Banco Santander \u00bfqu\u00e9 sucede?"}]},{"@type":"WebSite","@id":"https:\/\/www.descansor.com\/noticias\/#website","url":"https:\/\/www.descansor.com\/noticias\/","name":"Blog sobre el descanso y c\u00f3mo ahorrar comprando colchones.","description":"","potentialAction":[{"@type":"SearchAction","target":{"@type":"EntryPoint","urlTemplate":"https:\/\/www.descansor.com\/noticias\/?s={search_term_string}"},"query-input":{"@type":"PropertyValueSpecification","valueRequired":true,"valueName":"search_term_string"}}],"inLanguage":"es"},{"@type":"Person","@id":"https:\/\/www.descansor.com\/noticias\/#\/schema\/person\/4098d764648dd80b5086ebae36eb436d","name":"Inma Molt\u00f3","image":{"@type":"ImageObject","inLanguage":"es","@id":"https:\/\/www.descansor.com\/noticias\/#\/schema\/person\/image\/","url":"https:\/\/secure.gravatar.com\/avatar\/6411caf208a31a6dd0c4c353341facb7?s=96&d=mm&r=g","contentUrl":"https:\/\/secure.gravatar.com\/avatar\/6411caf208a31a6dd0c4c353341facb7?s=96&d=mm&r=g","caption":"Inma Molt\u00f3"},"sameAs":["http:\/\/www.periodistasocialmedia.com","https:\/\/x.com\/inmolber"]}]}},"amp_enabled":true,"_links":{"self":[{"href":"https:\/\/www.descansor.com\/noticias\/wp-json\/wp\/v2\/posts\/680","targetHints":{"allow":["GET"]}}],"collection":[{"href":"https:\/\/www.descansor.com\/noticias\/wp-json\/wp\/v2\/posts"}],"about":[{"href":"https:\/\/www.descansor.com\/noticias\/wp-json\/wp\/v2\/types\/post"}],"author":[{"embeddable":true,"href":"https:\/\/www.descansor.com\/noticias\/wp-json\/wp\/v2\/users\/2"}],"replies":[{"embeddable":true,"href":"https:\/\/www.descansor.com\/noticias\/wp-json\/wp\/v2\/comments?post=680"}],"version-history":[{"count":2,"href":"https:\/\/www.descansor.com\/noticias\/wp-json\/wp\/v2\/posts\/680\/revisions"}],"predecessor-version":[{"id":683,"href":"https:\/\/www.descansor.com\/noticias\/wp-json\/wp\/v2\/posts\/680\/revisions\/683"}],"wp:attachment":[{"href":"https:\/\/www.descansor.com\/noticias\/wp-json\/wp\/v2\/media?parent=680"}],"wp:term":[{"taxonomy":"category","embeddable":true,"href":"https:\/\/www.descansor.com\/noticias\/wp-json\/wp\/v2\/categories?post=680"},{"taxonomy":"post_tag","embeddable":true,"href":"https:\/\/www.descansor.com\/noticias\/wp-json\/wp\/v2\/tags?post=680"}],"curies":[{"name":"wp","href":"https:\/\/api.w.org\/{rel}","templated":true}]}}